{"id":5177,"date":"2026-03-23T09:09:39","date_gmt":"2026-03-23T09:09:39","guid":{"rendered":"https:\/\/www.fels.de\/?p=5177"},"modified":"2026-03-23T09:09:39","modified_gmt":"2026-03-23T09:09:39","slug":"dunja-kreiser-mdb-zum-erneuten-austausch-im-kalkwerk-muenchehof","status":"publish","type":"post","link":"https:\/\/www.fels.de\/de\/dunja-kreiser-mdb-zum-erneuten-austausch-im-kalkwerk-muenchehof\/","title":{"rendered":"Dunja Kreiser (MdB) zum erneuten Austausch im Kalkwerk M\u00fcnchehof"},"content":{"rendered":"\n<p>Die SPD-Bundestagsabgeordnete Dunja Kreiser hat sich k\u00fcrzlich erneut die Zeit genommen, Fels f\u00fcr einen fachlichen Austausch zu besuchen, um die bei einem ersten Treffen im vergangenen August besprochenen Themen weiter zu vertiefen. Gleichzeitig bot das Treffen eine gute Gelegenheit unseren neuen CEO Dr. Lars Pfeiffer kennenzulernen.<br><br>Im Mittelpunkt des Gespr\u00e4chs standen die Herausforderungen und Chancen, welche die neuen gesetzlichen Regelungen zum Thema CO2-Abscheidung und Speicherung (CCS) bieten. Ein weiterer Schwerpunkt war die nach wie vor allgemein schlechte Konjunktur und insbesondere die schwache Bauwirtschaft.<br><br>Abschlie\u00dfend wurde vereinbart, dass beide Seiten weiter in engem Austausch bleiben wollen.<\/p>\n\n\n\n<p><\/p>\n","protected":false},"excerpt":{"rendered":"<p>Die SPD-Bundestagsabgeordnete Dunja Kreiser hat sich k\u00fcrzlich erneut die Zeit genommen, Fels f\u00fcr einen fachlichen Austausch zu besuchen, um die bei einem ersten Treffen im vergangenen August besprochenen Themen weiter zu vertiefen. Gleichzeitig bot das Treffen eine gute Gelegenheit unseren neuen CEO Dr. Lars Pfeiffer kennenzulernen. Im Mittelpunkt des Gespr\u00e4chs standen die Herausforderungen und Chancen, [&hellip;]<\/p>\n","protected":false},"author":6,"featured_media":5178,"comment_status":"closed","ping_status":"open","sticky":false,"template":"","format":"standard","meta":{"_acf_changed":false,"inline_featured_image":false,"footnotes":""},"categories":[1],"tags":[],"class_list":["post-5177","post","type-post","status-publish","format-standard","has-post-thumbnail","hentry","category-unkategorisiert"],"acf":[],"yoast_head":"<!-- This site is optimized with the Yoast SEO plugin v27.5 - https:\/\/yoast.com\/product\/yoast-seo-wordpress\/ -->\n<title>Dunja Kreiser (MdB) zum erneuten Austausch im Kalkwerk M\u00fcnchehof - Fels Werke<\/title>\n<meta name=\"robots\" content=\"index, follow, max-snippet:-1, max-image-preview:large, max-video-preview:-1\" \/>\n<link rel=\"canonical\" href=\"https:\/\/www.fels.de\/de\/dunja-kreiser-mdb-zum-erneuten-austausch-im-kalkwerk-muenchehof\/\" \/>\n<meta property=\"og:locale\" content=\"de_DE\" \/>\n<meta property=\"og:type\" content=\"article\" \/>\n<meta property=\"og:title\" content=\"Dunja Kreiser (MdB) zum erneuten Austausch im Kalkwerk M\u00fcnchehof - Fels Werke\" \/>\n<meta property=\"og:description\" content=\"Die SPD-Bundestagsabgeordnete Dunja Kreiser hat sich k\u00fcrzlich erneut die Zeit genommen, Fels f\u00fcr einen fachlichen Austausch zu besuchen, um die bei einem ersten Treffen im vergangenen August besprochenen Themen weiter zu vertiefen. Gleichzeitig bot das Treffen eine gute Gelegenheit unseren neuen CEO Dr. Lars Pfeiffer kennenzulernen. Im Mittelpunkt des Gespr\u00e4chs standen die Herausforderungen und Chancen, [&hellip;]\" \/>\n<meta property=\"og:url\" content=\"https:\/\/www.fels.de\/de\/dunja-kreiser-mdb-zum-erneuten-austausch-im-kalkwerk-muenchehof\/\" \/>\n<meta property=\"og:site_name\" content=\"Fels Werke\" \/>\n<meta property=\"article:publisher\" content=\"https:\/\/www.facebook.com\/FelsWerkeGmbH\/\" \/>\n<meta property=\"article:published_time\" content=\"2026-03-23T09:09:39+00:00\" \/>\n<meta property=\"og:image\" content=\"https:\/\/www.fels.de\/wp-content\/uploads\/2026\/03\/IMG_5254-scaled.jpg\" \/>\n\t<meta property=\"og:image:width\" content=\"2560\" \/>\n\t<meta property=\"og:image:height\" content=\"1440\" \/>\n\t<meta property=\"og:image:type\" content=\"image\/jpeg\" \/>\n<meta name=\"author\" content=\"Christopher Rott\" \/>\n<meta name=\"twitter:card\" content=\"summary_large_image\" \/>\n<meta name=\"twitter:label1\" content=\"Verfasst von\" \/>\n\t<meta name=\"twitter:data1\" content=\"Christopher Rott\" \/>\n\t<meta name=\"twitter:label2\" content=\"Gesch\u00e4tzte Lesezeit\" \/>\n\t<meta name=\"twitter:data2\" content=\"1\u00a0Minute\" \/>\n<script type=\"application\/ld+json\" class=\"yoast-schema-graph\">{\"@context\":\"https:\\\/\\\/schema.org\",\"@graph\":[{\"@type\":\"Article\",\"@id\":\"https:\\\/\\\/www.fels.de\\\/de\\\/dunja-kreiser-mdb-zum-erneuten-austausch-im-kalkwerk-muenchehof\\\/#article\",\"isPartOf\":{\"@id\":\"https:\\\/\\\/www.fels.de\\\/de\\\/dunja-kreiser-mdb-zum-erneuten-austausch-im-kalkwerk-muenchehof\\\/\"},\"author\":{\"name\":\"Christopher Rott\",\"@id\":\"https:\\\/\\\/www.fels.de\\\/de\\\/#\\\/schema\\\/person\\\/17429a8757cd3e12306855771197dcdb\"},\"headline\":\"Dunja Kreiser (MdB) zum erneuten Austausch im Kalkwerk M\u00fcnchehof\",\"datePublished\":\"2026-03-23T09:09:39+00:00\",\"mainEntityOfPage\":{\"@id\":\"https:\\\/\\\/www.fels.de\\\/de\\\/dunja-kreiser-mdb-zum-erneuten-austausch-im-kalkwerk-muenchehof\\\/\"},\"wordCount\":110,\"publisher\":{\"@id\":\"https:\\\/\\\/www.fels.de\\\/de\\\/#organization\"},\"image\":{\"@id\":\"https:\\\/\\\/www.fels.de\\\/de\\\/dunja-kreiser-mdb-zum-erneuten-austausch-im-kalkwerk-muenchehof\\\/#primaryimage\"},\"thumbnailUrl\":\"https:\\\/\\\/www.fels.de\\\/wp-content\\\/uploads\\\/2026\\\/03\\\/IMG_5254-scaled.jpg\",\"articleSection\":[\"Unkategorisiert\"],\"inLanguage\":\"de\"},{\"@type\":\"WebPage\",\"@id\":\"https:\\\/\\\/www.fels.de\\\/de\\\/dunja-kreiser-mdb-zum-erneuten-austausch-im-kalkwerk-muenchehof\\\/\",\"url\":\"https:\\\/\\\/www.fels.de\\\/de\\\/dunja-kreiser-mdb-zum-erneuten-austausch-im-kalkwerk-muenchehof\\\/\",\"name\":\"Dunja Kreiser (MdB) zum erneuten Austausch im Kalkwerk M\u00fcnchehof - Fels Werke\",\"isPartOf\":{\"@id\":\"https:\\\/\\\/www.fels.de\\\/de\\\/#website\"},\"primaryImageOfPage\":{\"@id\":\"https:\\\/\\\/www.fels.de\\\/de\\\/dunja-kreiser-mdb-zum-erneuten-austausch-im-kalkwerk-muenchehof\\\/#primaryimage\"},\"image\":{\"@id\":\"https:\\\/\\\/www.fels.de\\\/de\\\/dunja-kreiser-mdb-zum-erneuten-austausch-im-kalkwerk-muenchehof\\\/#primaryimage\"},\"thumbnailUrl\":\"https:\\\/\\\/www.fels.de\\\/wp-content\\\/uploads\\\/2026\\\/03\\\/IMG_5254-scaled.jpg\",\"datePublished\":\"2026-03-23T09:09:39+00:00\",\"inLanguage\":\"de\",\"potentialAction\":[{\"@type\":\"ReadAction\",\"target\":[\"https:\\\/\\\/www.fels.de\\\/de\\\/dunja-kreiser-mdb-zum-erneuten-austausch-im-kalkwerk-muenchehof\\\/\"]}]},{\"@type\":\"ImageObject\",\"inLanguage\":\"de\",\"@id\":\"https:\\\/\\\/www.fels.de\\\/de\\\/dunja-kreiser-mdb-zum-erneuten-austausch-im-kalkwerk-muenchehof\\\/#primaryimage\",\"url\":\"https:\\\/\\\/www.fels.de\\\/wp-content\\\/uploads\\\/2026\\\/03\\\/IMG_5254-scaled.jpg\",\"contentUrl\":\"https:\\\/\\\/www.fels.de\\\/wp-content\\\/uploads\\\/2026\\\/03\\\/IMG_5254-scaled.jpg\",\"width\":2560,\"height\":1440},{\"@type\":\"WebSite\",\"@id\":\"https:\\\/\\\/www.fels.de\\\/de\\\/#website\",\"url\":\"https:\\\/\\\/www.fels.de\\\/de\\\/\",\"name\":\"Fels Werke\",\"description\":\"\",\"publisher\":{\"@id\":\"https:\\\/\\\/www.fels.de\\\/de\\\/#organization\"},\"potentialAction\":[{\"@type\":\"SearchAction\",\"target\":{\"@type\":\"EntryPoint\",\"urlTemplate\":\"https:\\\/\\\/www.fels.de\\\/de\\\/?s={search_term_string}\"},\"query-input\":{\"@type\":\"PropertyValueSpecification\",\"valueRequired\":true,\"valueName\":\"search_term_string\"}}],\"inLanguage\":\"de\"},{\"@type\":\"Organization\",\"@id\":\"https:\\\/\\\/www.fels.de\\\/de\\\/#organization\",\"name\":\"Fels Vertriebs und Service GmbH & Co. KG\",\"url\":\"https:\\\/\\\/www.fels.de\\\/de\\\/\",\"logo\":{\"@type\":\"ImageObject\",\"inLanguage\":\"de\",\"@id\":\"https:\\\/\\\/www.fels.de\\\/de\\\/#\\\/schema\\\/logo\\\/image\\\/\",\"url\":\"https:\\\/\\\/www.fels.de\\\/wp-content\\\/uploads\\\/2023\\\/12\\\/Fels_Logo_de_rgb.svg\",\"contentUrl\":\"https:\\\/\\\/www.fels.de\\\/wp-content\\\/uploads\\\/2023\\\/12\\\/Fels_Logo_de_rgb.svg\",\"width\":\"1024\",\"height\":\"1024\",\"caption\":\"Fels Vertriebs und Service GmbH & Co. KG\"},\"image\":{\"@id\":\"https:\\\/\\\/www.fels.de\\\/de\\\/#\\\/schema\\\/logo\\\/image\\\/\"},\"sameAs\":[\"https:\\\/\\\/www.facebook.com\\\/FelsWerkeGmbH\\\/\",\"https:\\\/\\\/www.xing.com\\\/pages\\\/fels-werkegmbh\",\"https:\\\/\\\/www.youtube.com\\\/channel\\\/UCCMuLAEi1GZRT7B8S7IvHaA\",\"https:\\\/\\\/de.linkedin.com\\\/company\\\/fels-werke-gmbh\"]},{\"@type\":\"Person\",\"@id\":\"https:\\\/\\\/www.fels.de\\\/de\\\/#\\\/schema\\\/person\\\/17429a8757cd3e12306855771197dcdb\",\"name\":\"Christopher Rott\",\"image\":{\"@type\":\"ImageObject\",\"inLanguage\":\"de\",\"@id\":\"https:\\\/\\\/secure.gravatar.com\\\/avatar\\\/90c481483d8c730f86517843474513b7b2873cc4b53be1477548aecd03bb59b3?s=96&d=mm&r=g\",\"url\":\"https:\\\/\\\/secure.gravatar.com\\\/avatar\\\/90c481483d8c730f86517843474513b7b2873cc4b53be1477548aecd03bb59b3?s=96&d=mm&r=g\",\"contentUrl\":\"https:\\\/\\\/secure.gravatar.com\\\/avatar\\\/90c481483d8c730f86517843474513b7b2873cc4b53be1477548aecd03bb59b3?s=96&d=mm&r=g\",\"caption\":\"Christopher Rott\"}}]}<\/script>\n<!-- \/ Yoast SEO plugin. -->","yoast_head_json":{"title":"Dunja Kreiser (MdB) zum erneuten Austausch im Kalkwerk M\u00fcnchehof - Fels Werke","robots":{"index":"index","follow":"follow","max-snippet":"max-snippet:-1","max-image-preview":"max-image-preview:large","max-video-preview":"max-video-preview:-1"},"canonical":"https:\/\/www.fels.de\/de\/dunja-kreiser-mdb-zum-erneuten-austausch-im-kalkwerk-muenchehof\/","og_locale":"de_DE","og_type":"article","og_title":"Dunja Kreiser (MdB) zum erneuten Austausch im Kalkwerk M\u00fcnchehof - Fels Werke","og_description":"Die SPD-Bundestagsabgeordnete Dunja Kreiser hat sich k\u00fcrzlich erneut die Zeit genommen, Fels f\u00fcr einen fachlichen Austausch zu besuchen, um die bei einem ersten Treffen im vergangenen August besprochenen Themen weiter zu vertiefen. Gleichzeitig bot das Treffen eine gute Gelegenheit unseren neuen CEO Dr. Lars Pfeiffer kennenzulernen. Im Mittelpunkt des Gespr\u00e4chs standen die Herausforderungen und Chancen, [&hellip;]","og_url":"https:\/\/www.fels.de\/de\/dunja-kreiser-mdb-zum-erneuten-austausch-im-kalkwerk-muenchehof\/","og_site_name":"Fels Werke","article_publisher":"https:\/\/www.facebook.com\/FelsWerkeGmbH\/","article_published_time":"2026-03-23T09:09:39+00:00","og_image":[{"width":2560,"height":1440,"url":"https:\/\/www.fels.de\/wp-content\/uploads\/2026\/03\/IMG_5254-scaled.jpg","type":"image\/jpeg"}],"author":"Christopher Rott","twitter_card":"summary_large_image","twitter_misc":{"Verfasst von":"Christopher Rott","Gesch\u00e4tzte Lesezeit":"1\u00a0Minute"},"schema":{"@context":"https:\/\/schema.org","@graph":[{"@type":"Article","@id":"https:\/\/www.fels.de\/de\/dunja-kreiser-mdb-zum-erneuten-austausch-im-kalkwerk-muenchehof\/#article","isPartOf":{"@id":"https:\/\/www.fels.de\/de\/dunja-kreiser-mdb-zum-erneuten-austausch-im-kalkwerk-muenchehof\/"},"author":{"name":"Christopher Rott","@id":"https:\/\/www.fels.de\/de\/#\/schema\/person\/17429a8757cd3e12306855771197dcdb"},"headline":"Dunja Kreiser (MdB) zum erneuten Austausch im Kalkwerk M\u00fcnchehof","datePublished":"2026-03-23T09:09:39+00:00","mainEntityOfPage":{"@id":"https:\/\/www.fels.de\/de\/dunja-kreiser-mdb-zum-erneuten-austausch-im-kalkwerk-muenchehof\/"},"wordCount":110,"publisher":{"@id":"https:\/\/www.fels.de\/de\/#organization"},"image":{"@id":"https:\/\/www.fels.de\/de\/dunja-kreiser-mdb-zum-erneuten-austausch-im-kalkwerk-muenchehof\/#primaryimage"},"thumbnailUrl":"https:\/\/www.fels.de\/wp-content\/uploads\/2026\/03\/IMG_5254-scaled.jpg","articleSection":["Unkategorisiert"],"inLanguage":"de"},{"@type":"WebPage","@id":"https:\/\/www.fels.de\/de\/dunja-kreiser-mdb-zum-erneuten-austausch-im-kalkwerk-muenchehof\/","url":"https:\/\/www.fels.de\/de\/dunja-kreiser-mdb-zum-erneuten-austausch-im-kalkwerk-muenchehof\/","name":"Dunja Kreiser (MdB) zum erneuten Austausch im Kalkwerk M\u00fcnchehof - Fels Werke","isPartOf":{"@id":"https:\/\/www.fels.de\/de\/#website"},"primaryImageOfPage":{"@id":"https:\/\/www.fels.de\/de\/dunja-kreiser-mdb-zum-erneuten-austausch-im-kalkwerk-muenchehof\/#primaryimage"},"image":{"@id":"https:\/\/www.fels.de\/de\/dunja-kreiser-mdb-zum-erneuten-austausch-im-kalkwerk-muenchehof\/#primaryimage"},"thumbnailUrl":"https:\/\/www.fels.de\/wp-content\/uploads\/2026\/03\/IMG_5254-scaled.jpg","datePublished":"2026-03-23T09:09:39+00:00","inLanguage":"de","potentialAction":[{"@type":"ReadAction","target":["https:\/\/www.fels.de\/de\/dunja-kreiser-mdb-zum-erneuten-austausch-im-kalkwerk-muenchehof\/"]}]},{"@type":"ImageObject","inLanguage":"de","@id":"https:\/\/www.fels.de\/de\/dunja-kreiser-mdb-zum-erneuten-austausch-im-kalkwerk-muenchehof\/#primaryimage","url":"https:\/\/www.fels.de\/wp-content\/uploads\/2026\/03\/IMG_5254-scaled.jpg","contentUrl":"https:\/\/www.fels.de\/wp-content\/uploads\/2026\/03\/IMG_5254-scaled.jpg","width":2560,"height":1440},{"@type":"WebSite","@id":"https:\/\/www.fels.de\/de\/#website","url":"https:\/\/www.fels.de\/de\/","name":"Fels Werke","description":"","publisher":{"@id":"https:\/\/www.fels.de\/de\/#organization"},"potentialAction":[{"@type":"SearchAction","target":{"@type":"EntryPoint","urlTemplate":"https:\/\/www.fels.de\/de\/?s={search_term_string}"},"query-input":{"@type":"PropertyValueSpecification","valueRequired":true,"valueName":"search_term_string"}}],"inLanguage":"de"},{"@type":"Organization","@id":"https:\/\/www.fels.de\/de\/#organization","name":"Fels Vertriebs und Service GmbH & Co. KG","url":"https:\/\/www.fels.de\/de\/","logo":{"@type":"ImageObject","inLanguage":"de","@id":"https:\/\/www.fels.de\/de\/#\/schema\/logo\/image\/","url":"https:\/\/www.fels.de\/wp-content\/uploads\/2023\/12\/Fels_Logo_de_rgb.svg","contentUrl":"https:\/\/www.fels.de\/wp-content\/uploads\/2023\/12\/Fels_Logo_de_rgb.svg","width":"1024","height":"1024","caption":"Fels Vertriebs und Service GmbH & Co. KG"},"image":{"@id":"https:\/\/www.fels.de\/de\/#\/schema\/logo\/image\/"},"sameAs":["https:\/\/www.facebook.com\/FelsWerkeGmbH\/","https:\/\/www.xing.com\/pages\/fels-werkegmbh","https:\/\/www.youtube.com\/channel\/UCCMuLAEi1GZRT7B8S7IvHaA","https:\/\/de.linkedin.com\/company\/fels-werke-gmbh"]},{"@type":"Person","@id":"https:\/\/www.fels.de\/de\/#\/schema\/person\/17429a8757cd3e12306855771197dcdb","name":"Christopher Rott","image":{"@type":"ImageObject","inLanguage":"de","@id":"https:\/\/secure.gravatar.com\/avatar\/90c481483d8c730f86517843474513b7b2873cc4b53be1477548aecd03bb59b3?s=96&d=mm&r=g","url":"https:\/\/secure.gravatar.com\/avatar\/90c481483d8c730f86517843474513b7b2873cc4b53be1477548aecd03bb59b3?s=96&d=mm&r=g","contentUrl":"https:\/\/secure.gravatar.com\/avatar\/90c481483d8c730f86517843474513b7b2873cc4b53be1477548aecd03bb59b3?s=96&d=mm&r=g","caption":"Christopher Rott"}}]}},"_links":{"self":[{"href":"https:\/\/www.fels.de\/de\/wp-json\/wp\/v2\/posts\/5177","targetHints":{"allow":["GET"]}}],"collection":[{"href":"https:\/\/www.fels.de\/de\/wp-json\/wp\/v2\/posts"}],"about":[{"href":"https:\/\/www.fels.de\/de\/wp-json\/wp\/v2\/types\/post"}],"author":[{"embeddable":true,"href":"https:\/\/www.fels.de\/de\/wp-json\/wp\/v2\/users\/6"}],"replies":[{"embeddable":true,"href":"https:\/\/www.fels.de\/de\/wp-json\/wp\/v2\/comments?post=5177"}],"version-history":[{"count":1,"href":"https:\/\/www.fels.de\/de\/wp-json\/wp\/v2\/posts\/5177\/revisions"}],"predecessor-version":[{"id":5180,"href":"https:\/\/www.fels.de\/de\/wp-json\/wp\/v2\/posts\/5177\/revisions\/5180"}],"wp:featuredmedia":[{"embeddable":true,"href":"https:\/\/www.fels.de\/de\/wp-json\/wp\/v2\/media\/5178"}],"wp:attachment":[{"href":"https:\/\/www.fels.de\/de\/wp-json\/wp\/v2\/media?parent=5177"}],"wp:term":[{"taxonomy":"category","embeddable":true,"href":"https:\/\/www.fels.de\/de\/wp-json\/wp\/v2\/categories?post=5177"},{"taxonomy":"post_tag","embeddable":true,"href":"https:\/\/www.fels.de\/de\/wp-json\/wp\/v2\/tags?post=5177"}],"curies":[{"name":"wp","href":"https:\/\/api.w.org\/{rel}","templated":true}]}}